{"id":3668,"date":"2026-04-28T14:40:59","date_gmt":"2026-04-28T12:40:59","guid":{"rendered":"https:\/\/pcpr.elk.pl\/?p=3668"},"modified":"2026-04-28T14:41:00","modified_gmt":"2026-04-28T12:41:00","slug":"seminarium-o-funkcjonowaniu-dzieci-w-pieczy-zastepczej-w-srodowisku-szkolnym","status":"publish","type":"post","link":"https:\/\/pcpr.elk.pl\/index.php\/2026\/04\/28\/seminarium-o-funkcjonowaniu-dzieci-w-pieczy-zastepczej-w-srodowisku-szkolnym\/","title":{"rendered":"Seminarium o funkcjonowaniu dzieci w pieczy zast\u0119pczej w \u015brodowisku szkolnym"},"content":{"rendered":"\n<p style=\"text-align: justify;\">Dzisiejszego dnia w sali konferencyjnej Urz\u0119du Miasta E\u0142ku odby\u0142o si\u0119 seminarium po\u015bwi\u0119cone funkcjonowaniu dzieci przebywaj\u0105cych w pieczy zast\u0119pczej w \u015brodowisku szkolnym, zorganizowane przez Powiatowe Centrum Pomocy Rodzinie w E\u0142ku. W spotkaniu uczestniczyli pedagodzy i psychologowie szk\u00f3\u0142 podstawowych oraz ponadpodstawowych z terenu powiatu e\u0142ckiego. Seminarium otworzy\u0142a Wicestarosta Powiatu E\u0142ckiego Ma\u0142gorzata Kopiczko.<\/p>\n<p style=\"text-align: justify;\">Celem wydarzenia by\u0142o przybli\u017cenie specyfiki funkcjonowania dzieci, kt\u00f3re do\u015bwiadczy\u0142y trudnych sytuacji \u017cyciowych, a tak\u017ce budowanie wzajemnego zrozumienia oraz wsp\u00f3\u0142pracy pomi\u0119dzy szko\u0142\u0105, rodzin\u0105 zast\u0119pcz\u0105 i instytucjami wspieraj\u0105cymi.<\/p>\n<p style=\"text-align: justify;\">Podczas spotkania specjali\u015bci PCPR om\u00f3wili zagadnienia zwi\u0105zane z piecz\u0105 zast\u0119pcz\u0105, w tym podstawowe informacje o jej formach, sytuacj\u0119 dzieci przebywaj\u0105cych w pieczy na terenie powiatu e\u0142ckiego oraz najcz\u0119stsze przyczyny umieszczania dzieci poza rodzin\u0105 biologiczn\u0105.<\/p>\n<p style=\"text-align: justify;\">W dalszej cz\u0119\u015bci seminarium uczestnicy wys\u0142uchali wyst\u0105pie\u0144 po\u015bwi\u0119conych sytuacji emocjonalnej i rozwojowej dzieci z do\u015bwiadczeniem traumy, przyczynom trudnych zachowa\u0144 oraz mechanizmom obronnym dzieci. Poruszono r\u00f3wnie\u017c temat roli i wyzwa\u0144 opiekun\u00f3w zast\u0119pczych, obalaj\u0105c najcz\u0119\u015bciej pojawiaj\u0105ce si\u0119 mity dotycz\u0105ce pieczy zast\u0119pczej.<\/p>\n<p style=\"text-align: justify;\">Istotn\u0105 cz\u0119\u015b\u0107 spotkania stanowi\u0142y zagadnienia zwi\u0105zane z funkcjonowaniem dziecka w \u015brodowisku szkolnym \u2013 trudno\u015bci edukacyjne i spo\u0142eczne, problemy z koncentracj\u0105, reakcje na stres oraz znaczenie w\u0142a\u015bciwego podej\u015bcia nauczycieli i specjalist\u00f3w szkolnych. Om\u00f3wiono tak\u017ce praktyczne formy wsparcia dziecka oraz zasady efektywnej wsp\u00f3\u0142pracy szko\u0142y z PCPR i rodzin\u0105 zast\u0119pcz\u0105.<\/p>\n<p style=\"text-align: justify;\">Seminarium zako\u0144czy\u0142o si\u0119 analiz\u0105 studium przypadku oraz dyskusj\u0105 uczestnik\u00f3w, kt\u00f3ra sta\u0142a si\u0119 okazj\u0105 do wymiany do\u015bwiadcze\u0144 i wsp\u00f3lnego poszukiwania rozwi\u0105za\u0144 w codziennej pracy z dzie\u0107mi.<\/p>\n<p style=\"text-align: justify;\">By\u0142o to pierwsze tego typu spotkanie zorganizowane przez Powiatowe Centrum Pomocy Rodzinie w E\u0142ku, po\u015bwi\u0119cone w ca\u0142o\u015bci wsp\u00f3\u0142pracy \u015brodowiska szkolnego z rodzinami zast\u0119pczymi i specjalistami wspieraj\u0105cymi dzieci w pieczy zast\u0119pczej. Du\u017ce zainteresowanie uczestnik\u00f3w, aktywny udzia\u0142 w dyskusji oraz wymiana do\u015bwiadcze\u0144 potwierdzi\u0142y, jak potrzebne s\u0105 inicjatywy tworz\u0105ce przestrze\u0144 do dialogu i wsp\u00f3lnego poszukiwania skutecznych form wsparcia dla dzieci.<\/p>\n<p><img loading=\"lazy\" class=\"alignnone size-full wp-image-3669\" src=\"https:\/\/pcpr.elk.pl\/wp-content\/uploads\/2026\/04\/20260428_104326-scaled.jpg\" alt=\"\" width=\"2560\" height=\"1920\" srcset=\"https:\/\/pcpr.elk.pl\/wp-content\/uploads\/2026\/04\/20260428_104326-scaled.jpg 2560w, https:\/\/pcpr.elk.pl\/wp-content\/uploads\/2026\/04\/20260428_104326-300x225.jpg 300w, https:\/\/pcpr.elk.pl\/wp-content\/uploads\/2026\/04\/20260428_104326-1024x768.jpg 1024w, https:\/\/pcpr.elk.pl\/wp-content\/uploads\/2026\/04\/20260428_104326-768x576.jpg 768w, https:\/\/pcpr.elk.pl\/wp-content\/uploads\/2026\/04\/20260428_104326-1536x1152.jpg 1536w, https:\/\/pcpr.elk.pl\/wp-content\/uploads\/2026\/04\/20260428_104326-2048x1536.jpg 2048w, https:\/\/pcpr.elk.pl\/wp-content\/uploads\/2026\/04\/20260428_104326-24x18.jpg 24w, https:\/\/pcpr.elk.pl\/wp-content\/uploads\/2026\/04\/20260428_104326-36x27.jpg 36w, https:\/\/pcpr.elk.pl\/wp-content\/uploads\/2026\/04\/20260428_104326-48x36.jpg 48w\" sizes=\"(max-width: 2560px) 100vw, 2560px\" \/> <img loading=\"lazy\" class=\"alignnone size-full wp-image-3670\" src=\"https:\/\/pcpr.elk.pl\/wp-content\/uploads\/2026\/04\/20260428_103712-scaled.jpg\" alt=\"\" width=\"2560\" height=\"1920\" srcset=\"https:\/\/pcpr.elk.pl\/wp-content\/uploads\/2026\/04\/20260428_103712-scaled.jpg 2560w, https:\/\/pcpr.elk.pl\/wp-content\/uploads\/2026\/04\/20260428_103712-300x225.jpg 300w, https:\/\/pcpr.elk.pl\/wp-content\/uploads\/2026\/04\/20260428_103712-1024x768.jpg 1024w, https:\/\/pcpr.elk.pl\/wp-content\/uploads\/2026\/04\/20260428_103712-768x576.jpg 768w, https:\/\/pcpr.elk.pl\/wp-content\/uploads\/2026\/04\/20260428_103712-1536x1152.jpg 1536w, https:\/\/pcpr.elk.pl\/wp-content\/uploads\/2026\/04\/20260428_103712-2048x1536.jpg 2048w, https:\/\/pcpr.elk.pl\/wp-content\/uploads\/2026\/04\/20260428_103712-24x18.jpg 24w, https:\/\/pcpr.elk.pl\/wp-content\/uploads\/2026\/04\/20260428_103712-36x27.jpg 36w, https:\/\/pcpr.elk.pl\/wp-content\/uploads\/2026\/04\/20260428_103712-48x36.jpg 48w\" sizes=\"(max-width: 2560px) 100vw, 2560px\" \/> <img loading=\"lazy\" class=\"alignnone size-full wp-image-3671\" src=\"https:\/\/pcpr.elk.pl\/wp-content\/uploads\/2026\/04\/20260428_103731-scaled.jpg\" alt=\"\" width=\"2560\" height=\"1920\" srcset=\"https:\/\/pcpr.elk.pl\/wp-content\/uploads\/2026\/04\/20260428_103731-scaled.jpg 2560w, https:\/\/pcpr.elk.pl\/wp-content\/uploads\/2026\/04\/20260428_103731-300x225.jpg 300w, https:\/\/pcpr.elk.pl\/wp-content\/uploads\/2026\/04\/20260428_103731-1024x768.jpg 1024w, https:\/\/pcpr.elk.pl\/wp-content\/uploads\/2026\/04\/20260428_103731-768x576.jpg 768w, https:\/\/pcpr.elk.pl\/wp-content\/uploads\/2026\/04\/20260428_103731-1536x1152.jpg 1536w, https:\/\/pcpr.elk.pl\/wp-content\/uploads\/2026\/04\/20260428_103731-2048x1536.jpg 2048w, https:\/\/pcpr.elk.pl\/wp-content\/uploads\/2026\/04\/20260428_103731-24x18.jpg 24w, https:\/\/pcpr.elk.pl\/wp-content\/uploads\/2026\/04\/20260428_103731-36x27.jpg 36w, https:\/\/pcpr.elk.pl\/wp-content\/uploads\/2026\/04\/20260428_103731-48x36.jpg 48w\" sizes=\"(max-width: 2560px) 100vw, 2560px\" \/> <img loading=\"lazy\" class=\"alignnone size-full wp-image-3672\" src=\"https:\/\/pcpr.elk.pl\/wp-content\/uploads\/2026\/04\/20260428_103748-scaled.jpg\" alt=\"\" width=\"2560\" height=\"1404\" srcset=\"https:\/\/pcpr.elk.pl\/wp-content\/uploads\/2026\/04\/20260428_103748-scaled.jpg 2560w, https:\/\/pcpr.elk.pl\/wp-content\/uploads\/2026\/04\/20260428_103748-300x164.jpg 300w, https:\/\/pcpr.elk.pl\/wp-content\/uploads\/2026\/04\/20260428_103748-1024x561.jpg 1024w, https:\/\/pcpr.elk.pl\/wp-content\/uploads\/2026\/04\/20260428_103748-768x421.jpg 768w, https:\/\/pcpr.elk.pl\/wp-content\/uploads\/2026\/04\/20260428_103748-1536x842.jpg 1536w, https:\/\/pcpr.elk.pl\/wp-content\/uploads\/2026\/04\/20260428_103748-2048x1123.jpg 2048w, https:\/\/pcpr.elk.pl\/wp-content\/uploads\/2026\/04\/20260428_103748-24x13.jpg 24w, https:\/\/pcpr.elk.pl\/wp-content\/uploads\/2026\/04\/20260428_103748-36x20.jpg 36w, https:\/\/pcpr.elk.pl\/wp-content\/uploads\/2026\/04\/20260428_103748-48x26.jpg 48w\" sizes=\"(max-width: 2560px) 100vw, 2560px\" \/> <img loading=\"lazy\" class=\"alignnone size-full wp-image-3673\" src=\"https:\/\/pcpr.elk.pl\/wp-content\/uploads\/2026\/04\/20260428_103815-scaled.jpg\" alt=\"\" width=\"2560\" height=\"1920\" srcset=\"https:\/\/pcpr.elk.pl\/wp-content\/uploads\/2026\/04\/20260428_103815-scaled.jpg 2560w, https:\/\/pcpr.elk.pl\/wp-content\/uploads\/2026\/04\/20260428_103815-300x225.jpg 300w, https:\/\/pcpr.elk.pl\/wp-content\/uploads\/2026\/04\/20260428_103815-1024x768.jpg 1024w, https:\/\/pcpr.elk.pl\/wp-content\/uploads\/2026\/04\/20260428_103815-768x576.jpg 768w, https:\/\/pcpr.elk.pl\/wp-content\/uploads\/2026\/04\/20260428_103815-1536x1152.jpg 1536w, https:\/\/pcpr.elk.pl\/wp-content\/uploads\/2026\/04\/20260428_103815-2048x1536.jpg 2048w, https:\/\/pcpr.elk.pl\/wp-content\/uploads\/2026\/04\/20260428_103815-24x18.jpg 24w, https:\/\/pcpr.elk.pl\/wp-content\/uploads\/2026\/04\/20260428_103815-36x27.jpg 36w, https:\/\/pcpr.elk.pl\/wp-content\/uploads\/2026\/04\/20260428_103815-48x36.jpg 48w\" sizes=\"(max-width: 2560px) 100vw, 2560px\" \/> <img loading=\"lazy\" class=\"alignnone size-full wp-image-3674\" src=\"https:\/\/pcpr.elk.pl\/wp-content\/uploads\/2026\/04\/20260428_103951-scaled.jpg\" alt=\"\" width=\"2560\" height=\"2041\" srcset=\"https:\/\/pcpr.elk.pl\/wp-content\/uploads\/2026\/04\/20260428_103951-scaled.jpg 2560w, https:\/\/pcpr.elk.pl\/wp-content\/uploads\/2026\/04\/20260428_103951-300x239.jpg 300w, https:\/\/pcpr.elk.pl\/wp-content\/uploads\/2026\/04\/20260428_103951-1024x816.jpg 1024w, https:\/\/pcpr.elk.pl\/wp-content\/uploads\/2026\/04\/20260428_103951-768x612.jpg 768w, https:\/\/pcpr.elk.pl\/wp-content\/uploads\/2026\/04\/20260428_103951-1536x1224.jpg 1536w, https:\/\/pcpr.elk.pl\/wp-content\/uploads\/2026\/04\/20260428_103951-2048x1632.jpg 2048w, https:\/\/pcpr.elk.pl\/wp-content\/uploads\/2026\/04\/20260428_103951-24x19.jpg 24w, https:\/\/pcpr.elk.pl\/wp-content\/uploads\/2026\/04\/20260428_103951-36x29.jpg 36w, https:\/\/pcpr.elk.pl\/wp-content\/uploads\/2026\/04\/20260428_103951-48x38.jpg 48w\" sizes=\"(max-width: 2560px) 100vw, 2560px\" \/> <img loading=\"lazy\" class=\"alignnone size-full wp-image-3675\" src=\"https:\/\/pcpr.elk.pl\/wp-content\/uploads\/2026\/04\/20260428_104157-scaled.jpg\" alt=\"\" width=\"2560\" height=\"1757\" srcset=\"https:\/\/pcpr.elk.pl\/wp-content\/uploads\/2026\/04\/20260428_104157-scaled.jpg 2560w, https:\/\/pcpr.elk.pl\/wp-content\/uploads\/2026\/04\/20260428_104157-300x206.jpg 300w, https:\/\/pcpr.elk.pl\/wp-content\/uploads\/2026\/04\/20260428_104157-1024x703.jpg 1024w, https:\/\/pcpr.elk.pl\/wp-content\/uploads\/2026\/04\/20260428_104157-768x527.jpg 768w, https:\/\/pcpr.elk.pl\/wp-content\/uploads\/2026\/04\/20260428_104157-1536x1054.jpg 1536w, https:\/\/pcpr.elk.pl\/wp-content\/uploads\/2026\/04\/20260428_104157-2048x1406.jpg 2048w, https:\/\/pcpr.elk.pl\/wp-content\/uploads\/2026\/04\/20260428_104157-24x16.jpg 24w, https:\/\/pcpr.elk.pl\/wp-content\/uploads\/2026\/04\/20260428_104157-36x25.jpg 36w, https:\/\/pcpr.elk.pl\/wp-content\/uploads\/2026\/04\/20260428_104157-48x33.jpg 48w\" sizes=\"(max-width: 2560px) 100vw, 2560px\" \/> <img loading=\"lazy\" class=\"alignnone size-full wp-image-3676\" src=\"https:\/\/pcpr.elk.pl\/wp-content\/uploads\/2026\/04\/20260428_103656-scaled.jpg\" alt=\"\" width=\"2560\" height=\"1920\" srcset=\"https:\/\/pcpr.elk.pl\/wp-content\/uploads\/2026\/04\/20260428_103656-scaled.jpg 2560w, https:\/\/pcpr.elk.pl\/wp-content\/uploads\/2026\/04\/20260428_103656-300x225.jpg 300w, https:\/\/pcpr.elk.pl\/wp-content\/uploads\/2026\/04\/20260428_103656-1024x768.jpg 1024w, https:\/\/pcpr.elk.pl\/wp-content\/uploads\/2026\/04\/20260428_103656-768x576.jpg 768w, https:\/\/pcpr.elk.pl\/wp-content\/uploads\/2026\/04\/20260428_103656-1536x1152.jpg 1536w, https:\/\/pcpr.elk.pl\/wp-content\/uploads\/2026\/04\/20260428_103656-2048x1536.jpg 2048w, https:\/\/pcpr.elk.pl\/wp-content\/uploads\/2026\/04\/20260428_103656-24x18.jpg 24w, https:\/\/pcpr.elk.pl\/wp-content\/uploads\/2026\/04\/20260428_103656-36x27.jpg 36w, https:\/\/pcpr.elk.pl\/wp-content\/uploads\/2026\/04\/20260428_103656-48x36.jpg 48w\" sizes=\"(max-width: 2560px) 100vw, 2560px\" \/><\/p>\n","protected":false},"excerpt":{"rendered":"<p>Dzisiejszego dnia w sali konferencyjnej Urz\u0119du Miasta E\u0142ku odby\u0142o si\u0119 seminarium po\u015bwi\u0119cone funkcjonowaniu dzieci przebywaj\u0105cych w pieczy zast\u0119pczej w \u015brodowisku szkolnym, zorganizowane przez Powiatowe Centrum Pomocy Rodzinie w E\u0142ku. W spotkaniu uczestniczyli pedagodzy i psychologowie szk\u00f3\u0142 podstawowych oraz ponadpodstawowych z terenu powiatu e\u0142ckiego. Seminarium otworzy\u0142a Wicestarosta Powiatu E\u0142ckiego Ma\u0142gorzata Kopiczko. Celem wydarzenia by\u0142o przybli\u017cenie specyfiki [&hellip;]<\/p>\n","protected":false},"author":3,"featured_media":0,"comment_status":"closed","ping_status":"open","sticky":false,"template":"","format":"standard","meta":[],"categories":[1],"tags":[],"_links":{"self":[{"href":"https:\/\/pcpr.elk.pl\/index.php\/wp-json\/wp\/v2\/posts\/3668"}],"collection":[{"href":"https:\/\/pcpr.elk.pl\/index.php\/wp-json\/wp\/v2\/posts"}],"about":[{"href":"https:\/\/pcpr.elk.pl\/index.php\/wp-json\/wp\/v2\/types\/post"}],"author":[{"embeddable":true,"href":"https:\/\/pcpr.elk.pl\/index.php\/wp-json\/wp\/v2\/users\/3"}],"replies":[{"embeddable":true,"href":"https:\/\/pcpr.elk.pl\/index.php\/wp-json\/wp\/v2\/comments?post=3668"}],"version-history":[{"count":1,"href":"https:\/\/pcpr.elk.pl\/index.php\/wp-json\/wp\/v2\/posts\/3668\/revisions"}],"predecessor-version":[{"id":3677,"href":"https:\/\/pcpr.elk.pl\/index.php\/wp-json\/wp\/v2\/posts\/3668\/revisions\/3677"}],"wp:attachment":[{"href":"https:\/\/pcpr.elk.pl\/index.php\/wp-json\/wp\/v2\/media?parent=3668"}],"wp:term":[{"taxonomy":"category","embeddable":true,"href":"https:\/\/pcpr.elk.pl\/index.php\/wp-json\/wp\/v2\/categories?post=3668"},{"taxonomy":"post_tag","embeddable":true,"href":"https:\/\/pcpr.elk.pl\/index.php\/wp-json\/wp\/v2\/tags?post=3668"}],"curies":[{"name":"wp","href":"https:\/\/api.w.org\/{rel}","templated":true}]}}