{"id":2978,"date":"2025-01-08T11:29:31","date_gmt":"2025-01-08T10:29:31","guid":{"rendered":"https:\/\/pcpr.elk.pl\/?p=2978"},"modified":"2025-01-08T11:30:10","modified_gmt":"2025-01-08T10:30:10","slug":"2978","status":"publish","type":"post","link":"https:\/\/pcpr.elk.pl\/index.php\/2025\/01\/08\/2978\/","title":{"rendered":""},"content":{"rendered":"\n<p align=\"CENTER\"><img loading=\"lazy\" class=\" wp-image-2979 alignnone alignright\" src=\"https:\/\/pcpr.elk.pl\/wp-content\/uploads\/2025\/01\/sow.png\" alt=\"\" width=\"126\" height=\"126\" srcset=\"https:\/\/pcpr.elk.pl\/wp-content\/uploads\/2025\/01\/sow.png 159w, https:\/\/pcpr.elk.pl\/wp-content\/uploads\/2025\/01\/sow-150x150.png 150w, https:\/\/pcpr.elk.pl\/wp-content\/uploads\/2025\/01\/sow-24x24.png 24w, https:\/\/pcpr.elk.pl\/wp-content\/uploads\/2025\/01\/sow-36x36.png 36w, https:\/\/pcpr.elk.pl\/wp-content\/uploads\/2025\/01\/sow-48x48.png 48w\" sizes=\"(max-width: 126px) 100vw, 126px\" \/><\/p>\n<p align=\"CENTER\"><img loading=\"lazy\" class=\"wp-image-2980 alignleft\" src=\"https:\/\/pcpr.elk.pl\/wp-content\/uploads\/2025\/01\/pfron.jpg\" alt=\"\" width=\"231\" height=\"122\" srcset=\"https:\/\/pcpr.elk.pl\/wp-content\/uploads\/2025\/01\/pfron.jpg 600w, https:\/\/pcpr.elk.pl\/wp-content\/uploads\/2025\/01\/pfron-300x159.jpg 300w, https:\/\/pcpr.elk.pl\/wp-content\/uploads\/2025\/01\/pfron-24x13.jpg 24w, https:\/\/pcpr.elk.pl\/wp-content\/uploads\/2025\/01\/pfron-36x19.jpg 36w, https:\/\/pcpr.elk.pl\/wp-content\/uploads\/2025\/01\/pfron-48x25.jpg 48w\" sizes=\"(max-width: 231px) 100vw, 231px\" \/><\/p>\n<p align=\"CENTER\">\u00a0<\/p>\n<p align=\"CENTER\">\u00a0<\/p>\n<p align=\"CENTER\">\u00a0<\/p>\n<p align=\"CENTER\">\u00a0<\/p>\n<p align=\"CENTER\">\u00a0<\/p>\n<p style=\"text-align: center;\" align=\"CENTER\">\u201e<span style=\"font-size: large;\"><b>AKTYWNY SAMORZ\u0104D\u201d w 2025 roku Modu\u0142 I <\/b><\/span><\/p>\n<p align=\"CENTER\"><span style=\"font-size: large;\"><b>OBSZAR E &#8211; <\/b><span style=\"font-family: Times New Roman, serif;\"><span style=\"font-size: medium;\"><b>pomoc w kontynuowaniu rehabilitacji w formie wentylacji domowej<\/b><\/span><\/span><\/span><\/p>\n<p align=\"JUSTIFY\"><span style=\"font-family: Times New Roman, serif;\"><span style=\"font-size: medium;\">O dofinansowanie w wysoko\u015bci 100 z\u0142 miesi\u0119cznie w formie dodatku na pokrycie koszt\u00f3w op\u0142aty za energi\u0119 elektryczn\u0105 mog\u0105 ubiega\u0107 si\u0119 osoby ze stopniem niepe\u0142nosprawno\u015bci lub z orzeczeniem o niepe\u0142nosprawno\u015bci (do 16 roku \u017cycia), kt\u00f3re korzystaj\u0105 z koncentratora tlenu lub respiratora w ramach \u015bwiadczenia udzielanego przez o\u015brodek domowego leczenia tlenem lub o\u015brodek wentylacji domowej, tj. pod opiek\u0105 zespo\u0142u d\u0142ugoterminowej opieki domowej dla pacjent\u00f3w wentylowanych mechanicznie lub pod opiek\u0105 poradni\/o\u015brodka\/zespo\u0142u domowego leczenia tlenem.<\/span><\/span><\/p>\n<p align=\"CENTER\"><span style=\"font-family: Times New Roman, serif;\"><span style=\"font-size: medium;\"><b>Termin przyjmowania wniosk\u00f3w od 01.01.2025 r. do 31.12.2025 r.<\/b><\/span><\/span><\/p>\n<p align=\"JUSTIFY\"><span style=\"font-family: Times New Roman, serif;\"><span style=\"font-size: medium;\">Wnioski o dofinansowanie mo\u017cna sk\u0142ada\u0107 <\/span><\/span><span style=\"font-family: Times New Roman, serif;\"><span style=\"font-size: medium;\"><b>za po\u015brednictwem systemu SOW (wi\u0119cej informacji na stronie <a href=\"http:\/\/www.sow.pfron.org.pl\/\">www.sow.pfron.org.pl<\/a>) <\/b><\/span><\/span><span style=\"font-family: Times New Roman, serif;\"><span style=\"font-size: medium;\">lub<\/span><\/span><b> <\/b><span style=\"font-family: Times New Roman, serif;\"><span style=\"font-size: medium;\">osobi\u015bcie w siedzibie Powiatowego Centrum Pomocy Rodzinie w E\u0142ku przy ul. Marsza\u0142ka J\u00f3zefa Pi\u0142sudskiego 5.<\/span><\/span><\/p>\n<p align=\"JUSTIFY\"><a href=\"https:\/\/pcpr.elk.pl\/wp-content\/uploads\/2025\/01\/Wniosek-AS-E.pdf\">Wniosek &#8211; Pobierz<\/a><\/p>\n<p align=\"JUSTIFY\"><a href=\"https:\/\/pcpr.elk.pl\/wp-content\/uploads\/2025\/01\/Zaswiadczenie-lekarskie.pdf-wypelniane-elektronicznie-lub-Zaswiadczenie_OE.doc-wypelniane-odrecznie.pdf\">Za\u015bwiadczenie o korzystaniu ze \u015bwiadczenia zdrowotnego &#8211; Pobierz<\/a><\/p>\n<p align=\"JUSTIFY\"><a href=\"https:\/\/pcpr.elk.pl\/wp-content\/uploads\/2025\/01\/Zalacznik-nr-1.pdf\">Za\u0142\u0105cznik nr 1do wniosku &#8211; Pobierz<\/a><\/p>\n<p align=\"JUSTIFY\"><a href=\"https:\/\/pcpr.elk.pl\/wp-content\/uploads\/2025\/01\/Oswiadczenie-wykluczenie.pdf\">O\u015bwiadczenie do wniosku o wykluczeniu cyfrowym &#8211; Pobierz<\/a><\/p>\n<p align=\"JUSTIFY\"><a href=\"https:\/\/pcpr.elk.pl\/wp-content\/uploads\/2025\/01\/lista-zalacznikow2.pdf\">Lista za\u0142\u0105cznik\u00f3w do wniosku &#8211; Pobierz<\/a><\/p>\n<p align=\"JUSTIFY\">\u00a0<\/p>\n<p align=\"JUSTIFY\">\u00a0<\/p>\n","protected":false},"excerpt":{"rendered":"<p>\u00a0 \u00a0 \u00a0 \u00a0 \u00a0 \u201eAKTYWNY SAMORZ\u0104D\u201d w 2025 roku Modu\u0142 I OBSZAR E &#8211; pomoc w kontynuowaniu rehabilitacji w formie wentylacji domowej O dofinansowanie w wysoko\u015bci 100 z\u0142 miesi\u0119cznie w formie dodatku na pokrycie koszt\u00f3w op\u0142aty za energi\u0119 elektryczn\u0105 mog\u0105 ubiega\u0107 si\u0119 osoby ze stopniem niepe\u0142nosprawno\u015bci lub z orzeczeniem o niepe\u0142nosprawno\u015bci (do 16 roku [&hellip;]<\/p>\n","protected":false},"author":3,"featured_media":0,"comment_status":"closed","ping_status":"open","sticky":false,"template":"","format":"standard","meta":[],"categories":[1],"tags":[],"_links":{"self":[{"href":"https:\/\/pcpr.elk.pl\/index.php\/wp-json\/wp\/v2\/posts\/2978"}],"collection":[{"href":"https:\/\/pcpr.elk.pl\/index.php\/wp-json\/wp\/v2\/posts"}],"about":[{"href":"https:\/\/pcpr.elk.pl\/index.php\/wp-json\/wp\/v2\/types\/post"}],"author":[{"embeddable":true,"href":"https:\/\/pcpr.elk.pl\/index.php\/wp-json\/wp\/v2\/users\/3"}],"replies":[{"embeddable":true,"href":"https:\/\/pcpr.elk.pl\/index.php\/wp-json\/wp\/v2\/comments?post=2978"}],"version-history":[{"count":2,"href":"https:\/\/pcpr.elk.pl\/index.php\/wp-json\/wp\/v2\/posts\/2978\/revisions"}],"predecessor-version":[{"id":2987,"href":"https:\/\/pcpr.elk.pl\/index.php\/wp-json\/wp\/v2\/posts\/2978\/revisions\/2987"}],"wp:attachment":[{"href":"https:\/\/pcpr.elk.pl\/index.php\/wp-json\/wp\/v2\/media?parent=2978"}],"wp:term":[{"taxonomy":"category","embeddable":true,"href":"https:\/\/pcpr.elk.pl\/index.php\/wp-json\/wp\/v2\/categories?post=2978"},{"taxonomy":"post_tag","embeddable":true,"href":"https:\/\/pcpr.elk.pl\/index.php\/wp-json\/wp\/v2\/tags?post=2978"}],"curies":[{"name":"wp","href":"https:\/\/api.w.org\/{rel}","templated":true}]}}