{"id":2921,"date":"2024-12-18T10:02:36","date_gmt":"2024-12-18T09:02:36","guid":{"rendered":"https:\/\/pcpr.elk.pl\/?p=2921"},"modified":"2024-12-18T10:03:45","modified_gmt":"2024-12-18T09:03:45","slug":"2921","status":"publish","type":"post","link":"https:\/\/pcpr.elk.pl\/index.php\/2024\/12\/18\/2921\/","title":{"rendered":""},"content":{"rendered":"\n<h2 align=\"CENTER\"><span style=\"font-size: large;\"><b>POWIATOWE CENTRUM POMOCY RODZINIE W E\u0141KU<\/b><\/span><\/h2>\n<h2 align=\"CENTER\"><span style=\"font-size: large;\"><b>SERDECZNIE DZI\u0118KUJE<\/b><\/span><\/h2>\n<h2 align=\"CENTER\"><span style=\"font-size: large;\"><b>FUNDACJI \u201ePODARUJ GWIAZDK\u0118\u201d<\/b><\/span><\/h2>\n<p align=\"JUSTIFY\">Powiatowe Centrum Pomocy Rodzinie w E\u0142ku sk\u0142ada serdeczne podzi\u0119kowania Fundacji \u201ePodaruj Gwiazdk\u0119\u201d, kt\u00f3ra spe\u0142ni\u0142a <span lang=\"pl-PL\">marzenia dzieci i m\u0142odzie\u017cy przebywaj\u0105cej w rodzinnej oraz instytucjonalnej pieczy zast\u0119pczej na terenie powiatu e\u0142ckiego.<\/span><\/p>\n<p align=\"JUSTIFY\"><span lang=\"pl-PL\"> Listy od dzieci do \u015awi\u0119tego Miko\u0142aja trafi\u0142y prosto do<\/span> koordynatorek z fundacji \u2013 Patrycji Noco\u0144 oraz Aleksandry Kolendo, kt\u00f3re przy wsp\u00f3\u0142pracy z lud\u017ami dobrego serca (anonimowymi darczy\u0144cami), spe\u0142nili wszystkie dzieci\u0119ce marzenia.<\/p>\n<p align=\"JUSTIFY\">Fundacja \u201ePodaruj Gwiazdk\u0119\u201d przekaza\u0142a Powiatowemu Centrum Pomocy Rodzinie w E\u0142ku oko\u0142o 250 paczek.<\/p>\n<p align=\"JUSTIFY\">Uroczyst\u0105 gal\u0119 wr\u0119czenia \u015bwi\u0105tecznych prezent\u00f3w zorganizowa\u0142o Powiatowe Centrum Pomocy Rodzinie w E\u0142ku. Przyby\u0142ych go\u015bci przywita\u0142a Dyrektor Powiatowego Centrum Pomocy Rodzinie w E\u0142ku Anna Brdys oraz przybyli go\u015bcie: Starosta E\u0142cki Marek Chojnowski, Wicestarosta Ma\u0142gorzata Kopiczko oraz Przewodnicz\u0105ca Komisji Rodziny, Zdrowia i Pomocy Spo\u0142ecznej Ewelina Truszkowska.<\/p>\n<p align=\"JUSTIFY\">Uroczysto\u015b\u0107 u\u015bwietni\u0142 wyst\u0119p muzyczny utalentowanej Agaty Trawczy\u0144skiej wraz z c\u00f3rk\u0105 Julk\u0105.<\/p>\n<p align=\"JUSTIFY\">Rado\u015b\u0107 dzieci nie mia\u0142a ko\u0144ca!<\/p>\n<p align=\"JUSTIFY\"><img loading=\"lazy\" class=\"aligncenter size-large wp-image-2922\" src=\"https:\/\/pcpr.elk.pl\/wp-content\/uploads\/2024\/12\/DSC04366-1024x576.jpg\" alt=\"\" width=\"683\" height=\"384\" srcset=\"https:\/\/pcpr.elk.pl\/wp-content\/uploads\/2024\/12\/DSC04366-1024x576.jpg 1024w, https:\/\/pcpr.elk.pl\/wp-content\/uploads\/2024\/12\/DSC04366-300x169.jpg 300w, https:\/\/pcpr.elk.pl\/wp-content\/uploads\/2024\/12\/DSC04366-768x432.jpg 768w, https:\/\/pcpr.elk.pl\/wp-content\/uploads\/2024\/12\/DSC04366-1536x864.jpg 1536w, https:\/\/pcpr.elk.pl\/wp-content\/uploads\/2024\/12\/DSC04366-2048x1152.jpg 2048w, https:\/\/pcpr.elk.pl\/wp-content\/uploads\/2024\/12\/DSC04366-24x14.jpg 24w, https:\/\/pcpr.elk.pl\/wp-content\/uploads\/2024\/12\/DSC04366-36x20.jpg 36w, https:\/\/pcpr.elk.pl\/wp-content\/uploads\/2024\/12\/DSC04366-48x27.jpg 48w\" sizes=\"(max-width: 683px) 100vw, 683px\" \/><\/p>\n<p align=\"JUSTIFY\"><img loading=\"lazy\" class=\"aligncenter size-large wp-image-2924\" src=\"https:\/\/pcpr.elk.pl\/wp-content\/uploads\/2024\/12\/DSC04174-1024x576.jpg\" alt=\"\" width=\"683\" height=\"384\" srcset=\"https:\/\/pcpr.elk.pl\/wp-content\/uploads\/2024\/12\/DSC04174-1024x576.jpg 1024w, https:\/\/pcpr.elk.pl\/wp-content\/uploads\/2024\/12\/DSC04174-300x169.jpg 300w, https:\/\/pcpr.elk.pl\/wp-content\/uploads\/2024\/12\/DSC04174-768x432.jpg 768w, https:\/\/pcpr.elk.pl\/wp-content\/uploads\/2024\/12\/DSC04174-1536x864.jpg 1536w, https:\/\/pcpr.elk.pl\/wp-content\/uploads\/2024\/12\/DSC04174-2048x1152.jpg 2048w, https:\/\/pcpr.elk.pl\/wp-content\/uploads\/2024\/12\/DSC04174-24x13.jpg 24w, https:\/\/pcpr.elk.pl\/wp-content\/uploads\/2024\/12\/DSC04174-36x20.jpg 36w, https:\/\/pcpr.elk.pl\/wp-content\/uploads\/2024\/12\/DSC04174-48x27.jpg 48w\" sizes=\"(max-width: 683px) 100vw, 683px\" \/><\/p>\n<p align=\"JUSTIFY\"><img loading=\"lazy\" class=\"aligncenter size-large wp-image-2925\" src=\"https:\/\/pcpr.elk.pl\/wp-content\/uploads\/2024\/12\/DSC04397-1024x576.jpg\" alt=\"\" width=\"683\" height=\"384\" srcset=\"https:\/\/pcpr.elk.pl\/wp-content\/uploads\/2024\/12\/DSC04397-1024x576.jpg 1024w, https:\/\/pcpr.elk.pl\/wp-content\/uploads\/2024\/12\/DSC04397-300x169.jpg 300w, https:\/\/pcpr.elk.pl\/wp-content\/uploads\/2024\/12\/DSC04397-768x432.jpg 768w, https:\/\/pcpr.elk.pl\/wp-content\/uploads\/2024\/12\/DSC04397-1536x864.jpg 1536w, https:\/\/pcpr.elk.pl\/wp-content\/uploads\/2024\/12\/DSC04397-2048x1152.jpg 2048w, https:\/\/pcpr.elk.pl\/wp-content\/uploads\/2024\/12\/DSC04397-24x13.jpg 24w, https:\/\/pcpr.elk.pl\/wp-content\/uploads\/2024\/12\/DSC04397-36x20.jpg 36w, https:\/\/pcpr.elk.pl\/wp-content\/uploads\/2024\/12\/DSC04397-48x27.jpg 48w\" sizes=\"(max-width: 683px) 100vw, 683px\" \/><\/p>\n<p align=\"JUSTIFY\"><img loading=\"lazy\" class=\"aligncenter size-large wp-image-2926\" src=\"https:\/\/pcpr.elk.pl\/wp-content\/uploads\/2024\/12\/DSC04526-1024x576.jpg\" alt=\"\" width=\"683\" height=\"384\" srcset=\"https:\/\/pcpr.elk.pl\/wp-content\/uploads\/2024\/12\/DSC04526-1024x576.jpg 1024w, https:\/\/pcpr.elk.pl\/wp-content\/uploads\/2024\/12\/DSC04526-300x169.jpg 300w, https:\/\/pcpr.elk.pl\/wp-content\/uploads\/2024\/12\/DSC04526-768x432.jpg 768w, https:\/\/pcpr.elk.pl\/wp-content\/uploads\/2024\/12\/DSC04526-1536x864.jpg 1536w, https:\/\/pcpr.elk.pl\/wp-content\/uploads\/2024\/12\/DSC04526-2048x1152.jpg 2048w, https:\/\/pcpr.elk.pl\/wp-content\/uploads\/2024\/12\/DSC04526-24x13.jpg 24w, https:\/\/pcpr.elk.pl\/wp-content\/uploads\/2024\/12\/DSC04526-36x20.jpg 36w, https:\/\/pcpr.elk.pl\/wp-content\/uploads\/2024\/12\/DSC04526-48x27.jpg 48w\" sizes=\"(max-width: 683px) 100vw, 683px\" \/><\/p>\n<p align=\"JUSTIFY\"><img loading=\"lazy\" class=\"aligncenter size-large wp-image-2923\" src=\"https:\/\/pcpr.elk.pl\/wp-content\/uploads\/2024\/12\/DSC04311-1024x576.jpg\" alt=\"\" width=\"683\" height=\"384\" srcset=\"https:\/\/pcpr.elk.pl\/wp-content\/uploads\/2024\/12\/DSC04311-1024x576.jpg 1024w, https:\/\/pcpr.elk.pl\/wp-content\/uploads\/2024\/12\/DSC04311-300x169.jpg 300w, https:\/\/pcpr.elk.pl\/wp-content\/uploads\/2024\/12\/DSC04311-768x432.jpg 768w, https:\/\/pcpr.elk.pl\/wp-content\/uploads\/2024\/12\/DSC04311-1536x864.jpg 1536w, https:\/\/pcpr.elk.pl\/wp-content\/uploads\/2024\/12\/DSC04311-2048x1152.jpg 2048w, https:\/\/pcpr.elk.pl\/wp-content\/uploads\/2024\/12\/DSC04311-24x14.jpg 24w, https:\/\/pcpr.elk.pl\/wp-content\/uploads\/2024\/12\/DSC04311-36x20.jpg 36w, https:\/\/pcpr.elk.pl\/wp-content\/uploads\/2024\/12\/DSC04311-48x27.jpg 48w\" sizes=\"(max-width: 683px) 100vw, 683px\" \/><\/p>\n<p align=\"JUSTIFY\"><img loading=\"lazy\" class=\"aligncenter size-large wp-image-2927\" src=\"https:\/\/pcpr.elk.pl\/wp-content\/uploads\/2024\/12\/462584711_861207865949547_5613305840920270585_n-1024x769.jpg\" alt=\"\" width=\"683\" height=\"513\" srcset=\"https:\/\/pcpr.elk.pl\/wp-content\/uploads\/2024\/12\/462584711_861207865949547_5613305840920270585_n-1024x769.jpg 1024w, https:\/\/pcpr.elk.pl\/wp-content\/uploads\/2024\/12\/462584711_861207865949547_5613305840920270585_n-300x225.jpg 300w, https:\/\/pcpr.elk.pl\/wp-content\/uploads\/2024\/12\/462584711_861207865949547_5613305840920270585_n-768x577.jpg 768w, https:\/\/pcpr.elk.pl\/wp-content\/uploads\/2024\/12\/462584711_861207865949547_5613305840920270585_n-24x18.jpg 24w, https:\/\/pcpr.elk.pl\/wp-content\/uploads\/2024\/12\/462584711_861207865949547_5613305840920270585_n-36x27.jpg 36w, https:\/\/pcpr.elk.pl\/wp-content\/uploads\/2024\/12\/462584711_861207865949547_5613305840920270585_n-48x36.jpg 48w, https:\/\/pcpr.elk.pl\/wp-content\/uploads\/2024\/12\/462584711_861207865949547_5613305840920270585_n.jpg 1284w\" sizes=\"(max-width: 683px) 100vw, 683px\" \/><\/p>\n<p align=\"JUSTIFY\"><img loading=\"lazy\" class=\"aligncenter size-large wp-image-2928\" src=\"https:\/\/pcpr.elk.pl\/wp-content\/uploads\/2024\/12\/462581865_1568781607161356_1649705153141035490_n-1024x769.jpg\" alt=\"\" width=\"683\" height=\"513\" srcset=\"https:\/\/pcpr.elk.pl\/wp-content\/uploads\/2024\/12\/462581865_1568781607161356_1649705153141035490_n-1024x769.jpg 1024w, https:\/\/pcpr.elk.pl\/wp-content\/uploads\/2024\/12\/462581865_1568781607161356_1649705153141035490_n-300x225.jpg 300w, https:\/\/pcpr.elk.pl\/wp-content\/uploads\/2024\/12\/462581865_1568781607161356_1649705153141035490_n-768x577.jpg 768w, https:\/\/pcpr.elk.pl\/wp-content\/uploads\/2024\/12\/462581865_1568781607161356_1649705153141035490_n-24x18.jpg 24w, https:\/\/pcpr.elk.pl\/wp-content\/uploads\/2024\/12\/462581865_1568781607161356_1649705153141035490_n-36x27.jpg 36w, https:\/\/pcpr.elk.pl\/wp-content\/uploads\/2024\/12\/462581865_1568781607161356_1649705153141035490_n-48x36.jpg 48w, https:\/\/pcpr.elk.pl\/wp-content\/uploads\/2024\/12\/462581865_1568781607161356_1649705153141035490_n.jpg 1284w\" sizes=\"(max-width: 683px) 100vw, 683px\" \/><\/p>\n<p align=\"JUSTIFY\">\u00a0<\/p>\n<p align=\"JUSTIFY\">\u00a0<\/p>\n","protected":false},"excerpt":{"rendered":"<p>POWIATOWE CENTRUM POMOCY RODZINIE W E\u0141KU SERDECZNIE DZI\u0118KUJE FUNDACJI \u201ePODARUJ GWIAZDK\u0118\u201d Powiatowe Centrum Pomocy Rodzinie w E\u0142ku sk\u0142ada serdeczne podzi\u0119kowania Fundacji \u201ePodaruj Gwiazdk\u0119\u201d, kt\u00f3ra spe\u0142ni\u0142a marzenia dzieci i m\u0142odzie\u017cy przebywaj\u0105cej w rodzinnej oraz instytucjonalnej pieczy zast\u0119pczej na terenie powiatu e\u0142ckiego. Listy od dzieci do \u015awi\u0119tego Miko\u0142aja trafi\u0142y prosto do koordynatorek z fundacji \u2013 Patrycji Noco\u0144 [&hellip;]<\/p>\n","protected":false},"author":3,"featured_media":0,"comment_status":"closed","ping_status":"open","sticky":false,"template":"","format":"standard","meta":[],"categories":[1],"tags":[],"_links":{"self":[{"href":"https:\/\/pcpr.elk.pl\/index.php\/wp-json\/wp\/v2\/posts\/2921"}],"collection":[{"href":"https:\/\/pcpr.elk.pl\/index.php\/wp-json\/wp\/v2\/posts"}],"about":[{"href":"https:\/\/pcpr.elk.pl\/index.php\/wp-json\/wp\/v2\/types\/post"}],"author":[{"embeddable":true,"href":"https:\/\/pcpr.elk.pl\/index.php\/wp-json\/wp\/v2\/users\/3"}],"replies":[{"embeddable":true,"href":"https:\/\/pcpr.elk.pl\/index.php\/wp-json\/wp\/v2\/comments?post=2921"}],"version-history":[{"count":3,"href":"https:\/\/pcpr.elk.pl\/index.php\/wp-json\/wp\/v2\/posts\/2921\/revisions"}],"predecessor-version":[{"id":2931,"href":"https:\/\/pcpr.elk.pl\/index.php\/wp-json\/wp\/v2\/posts\/2921\/revisions\/2931"}],"wp:attachment":[{"href":"https:\/\/pcpr.elk.pl\/index.php\/wp-json\/wp\/v2\/media?parent=2921"}],"wp:term":[{"taxonomy":"category","embeddable":true,"href":"https:\/\/pcpr.elk.pl\/index.php\/wp-json\/wp\/v2\/categories?post=2921"},{"taxonomy":"post_tag","embeddable":true,"href":"https:\/\/pcpr.elk.pl\/index.php\/wp-json\/wp\/v2\/tags?post=2921"}],"curies":[{"name":"wp","href":"https:\/\/api.w.org\/{rel}","templated":true}]}}