{"id":2869,"date":"2024-11-22T07:48:54","date_gmt":"2024-11-22T06:48:54","guid":{"rendered":"https:\/\/pcpr.elk.pl\/?p=2869"},"modified":"2024-11-22T07:49:19","modified_gmt":"2024-11-22T06:49:19","slug":"2869","status":"publish","type":"post","link":"https:\/\/pcpr.elk.pl\/index.php\/2024\/11\/22\/2869\/","title":{"rendered":""},"content":{"rendered":"\n<p lang=\"pl-PL\" style=\"text-align: justify;\"><span style=\"font-family: Times New Roman, serif;\"><span style=\"font-size: medium;\">Powiatowe Centrum Pomocy Rodzinie w E\u0142ku informuje, i\u017c Pa\u0144stwowy Fundusz Rehabilitacji Os\u00f3b Niepe\u0142nosprawnych b\u0119dzie realizowa\u0142 w 2025<\/span> <span style=\"font-size: medium;\">roku \u201eProgram wyr\u00f3wnywania r\u00f3\u017cnic miedzy regionami III\u201d.<\/span><\/span><\/p>\n<p lang=\"pl-PL\" style=\"text-align: justify;\"><span style=\"font-family: Times New Roman, serif;\"><span style=\"font-size: medium;\">Szczeg\u00f3\u0142owe informacje dotycz\u0105ce programu dost\u0119pne s\u0105 na stronie internetowej PFRON:<\/span><\/span><\/p>\n<p lang=\"pl-PL\" style=\"text-align: justify;\"><span style=\"font-family: Times New Roman, serif;\"><span style=\"font-size: medium;\"><a href=\"https:\/\/www.pfron.org.pl\/aktualnosci\/szczegoly-aktualnosci\/news\/kierunki-i-warunki-brzegowe-programu-wyrownywania-roznic-miedzy-regionami-iii-w-2025-roku\/\">https:\/\/www.pfron.org.pl\/aktualnosci\/szczegoly-aktualnosci\/news\/kierunki-i-warunki-brzegowe-programu-wyrownywania-roznic-miedzy-regionami-iii-w-2025-roku\/<\/a><\/span><\/span><\/p>\n<p lang=\"pl-PL\" style=\"text-align: justify;\"><span style=\"font-family: Times New Roman, serif;\"><span style=\"font-size: medium;\"><a href=\"https:\/\/www.pfron.org.pl\/o-funduszu\/programy-i-zadania-pfron\/programy-i-zadania-real\/program-wyrownywania-ro\/\">https:\/\/www.pfron.org.pl\/o-funduszu\/programy-i-zadania-pfron\/programy-i-zadania-real\/program-wyrownywania-ro\/<\/a><\/span><\/span><\/p>\n<p lang=\"pl-PL\" style=\"text-align: justify;\">\u00a0<\/p>\n<p style=\"text-align: justify;\"><span style=\"font-family: Times New Roman, serif;\"><span style=\"font-size: medium;\"><span lang=\"pl-PL\">Podmioty zainteresowane realizacj\u0105 projekt\u00f3w w ramach ww. programu prosimy o z\u0142o\u017cenie pisemnej informacji do PCPR w E\u0142ku na adres: ul. J. Pi\u0142sudskiego 5, 19-300 E\u0142k do dnia 29.11.2024<\/span><\/span><\/span> <span style=\"font-family: Times New Roman, serif;\"><span style=\"font-size: medium;\"><span lang=\"pl-PL\">r. lub mailem na adres: <\/span><\/span><\/span><a href=\"mailto:kozlowski.r@pcpr.elk.pl\">kozlowski.r@pcpr.elk.pl<\/a><\/p>\n","protected":false},"excerpt":{"rendered":"<p>Powiatowe Centrum Pomocy Rodzinie w E\u0142ku informuje, i\u017c Pa\u0144stwowy Fundusz Rehabilitacji Os\u00f3b Niepe\u0142nosprawnych b\u0119dzie realizowa\u0142 w 2025 roku \u201eProgram wyr\u00f3wnywania r\u00f3\u017cnic miedzy regionami III\u201d. Szczeg\u00f3\u0142owe informacje dotycz\u0105ce programu dost\u0119pne s\u0105 na stronie internetowej PFRON: https:\/\/www.pfron.org.pl\/aktualnosci\/szczegoly-aktualnosci\/news\/kierunki-i-warunki-brzegowe-programu-wyrownywania-roznic-miedzy-regionami-iii-w-2025-roku\/ https:\/\/www.pfron.org.pl\/o-funduszu\/programy-i-zadania-pfron\/programy-i-zadania-real\/program-wyrownywania-ro\/ \u00a0 Podmioty zainteresowane realizacj\u0105 projekt\u00f3w w ramach ww. programu prosimy o z\u0142o\u017cenie pisemnej informacji do PCPR w E\u0142ku na [&hellip;]<\/p>\n","protected":false},"author":3,"featured_media":0,"comment_status":"closed","ping_status":"open","sticky":false,"template":"","format":"standard","meta":[],"categories":[1],"tags":[],"_links":{"self":[{"href":"https:\/\/pcpr.elk.pl\/index.php\/wp-json\/wp\/v2\/posts\/2869"}],"collection":[{"href":"https:\/\/pcpr.elk.pl\/index.php\/wp-json\/wp\/v2\/posts"}],"about":[{"href":"https:\/\/pcpr.elk.pl\/index.php\/wp-json\/wp\/v2\/types\/post"}],"author":[{"embeddable":true,"href":"https:\/\/pcpr.elk.pl\/index.php\/wp-json\/wp\/v2\/users\/3"}],"replies":[{"embeddable":true,"href":"https:\/\/pcpr.elk.pl\/index.php\/wp-json\/wp\/v2\/comments?post=2869"}],"version-history":[{"count":2,"href":"https:\/\/pcpr.elk.pl\/index.php\/wp-json\/wp\/v2\/posts\/2869\/revisions"}],"predecessor-version":[{"id":2871,"href":"https:\/\/pcpr.elk.pl\/index.php\/wp-json\/wp\/v2\/posts\/2869\/revisions\/2871"}],"wp:attachment":[{"href":"https:\/\/pcpr.elk.pl\/index.php\/wp-json\/wp\/v2\/media?parent=2869"}],"wp:term":[{"taxonomy":"category","embeddable":true,"href":"https:\/\/pcpr.elk.pl\/index.php\/wp-json\/wp\/v2\/categories?post=2869"},{"taxonomy":"post_tag","embeddable":true,"href":"https:\/\/pcpr.elk.pl\/index.php\/wp-json\/wp\/v2\/tags?post=2869"}],"curies":[{"name":"wp","href":"https:\/\/api.w.org\/{rel}","templated":true}]}}