{"id":248,"date":"2017-09-27T09:32:21","date_gmt":"2017-09-27T07:32:21","guid":{"rendered":"http:\/\/pcpr.elk.pl\/WP\/?p=248"},"modified":"2018-01-20T17:34:52","modified_gmt":"2018-01-20T16:34:52","slug":"punkt-poradnictwa-specjalistycznego","status":"publish","type":"post","link":"https:\/\/pcpr.elk.pl\/index.php\/2017\/09\/27\/punkt-poradnictwa-specjalistycznego\/","title":{"rendered":"Punkt Poradnictwa Specjalistycznego"},"content":{"rendered":"<p style=\"text-align: center;\"><u><b>od 25.09.2017 r. do 31.12.2017 r.<\/b><\/u><\/p>\n<table border=\"1\" width=\"100%\" cellspacing=\"0\" cellpadding=\"5\">\n<colgroup>\n<col width=\"85*\" \/>\n<col width=\"85*\" \/>\n<col width=\"85*\" \/> <\/colgroup>\n<tbody>\n<tr>\n<td colspan=\"3\" valign=\"TOP\" width=\"100%\"><b>PSYCHOLOG<\/b><\/td>\n<\/tr>\n<tr valign=\"TOP\">\n<td width=\"33%\"><b>Poniedzia\u0142ek <\/b><\/td>\n<td width=\"33%\"><b>12:00 &#8211; 15:00<\/b><\/td>\n<td width=\"33%\"><b>Sala terapeutyczna <\/b><\/td>\n<\/tr>\n<tr valign=\"TOP\">\n<td width=\"33%\"><b>\u015aroda <\/b><\/td>\n<td width=\"33%\"><b>15:15 &#8211; 18:15<\/b><\/td>\n<td width=\"33%\"><b>Sala terapeutyczna <\/b><\/td>\n<\/tr>\n<tr valign=\"TOP\">\n<td width=\"33%\"><b>Pi\u0105tek <\/b><\/td>\n<td width=\"33%\"><b>15:30 &#8211; 17:30 <\/b><\/td>\n<td width=\"33%\"><b>Sala terapeutyczna <\/b><\/td>\n<\/tr>\n<tr>\n<td colspan=\"3\" valign=\"TOP\" width=\"100%\"><b>SPECJALISTA DS. PRZECIWDZIA\u0141ANIA PRZEMOCY<\/b><\/td>\n<\/tr>\n<tr valign=\"TOP\">\n<td width=\"33%\"><b>Poniedzia\u0142ek <\/b><\/td>\n<td width=\"33%\"><b>15:00 &#8211; 18:00 <\/b><\/td>\n<td width=\"33%\"><b>Sala terapeutyczna <\/b><\/td>\n<\/tr>\n<tr valign=\"TOP\">\n<td width=\"33%\"><b>Wtorek<\/b><\/td>\n<td width=\"33%\"><b>8:00 &#8211; 12:00<\/b><\/td>\n<td width=\"33%\"><b>Sala terapeutyczna <\/b><\/td>\n<\/tr>\n<tr>\n<td colspan=\"3\" valign=\"TOP\" width=\"100%\"><b>PEDAGOG<\/b><\/td>\n<\/tr>\n<tr valign=\"TOP\">\n<td width=\"33%\"><b>Poniedzia\u0142ek <\/b><\/td>\n<td width=\"33%\"><b>15:15 &#8211; 18:15 <\/b><\/td>\n<td width=\"33%\"><b>Sala terapeutyczna <\/b><\/td>\n<\/tr>\n<tr valign=\"TOP\">\n<td width=\"33%\"><b>Sobota <\/b><\/td>\n<td width=\"33%\"><b>8:00 &#8211; 13:00 <\/b><\/td>\n<td width=\"33%\"><b>pok\u00f3j Nr 3 (obok sali terapeutycznej)<\/b><\/td>\n<\/tr>\n<\/tbody>\n<\/table>\n<p><!--more--><\/p>\n<p><b>Konsultacje ze specjalistami odbywaj\u0105 si\u0119 w siedzibie Powiatowego Centrum Pomocy Rodzinie w E\u0142ku, ul. J. Pi\u0142sudskiego 5, 19-300 E\u0142k (wej\u015bcie od drugiej strony budynku). <\/b><\/p>\n<p><b>Wszystkie konsultacje udzielane s\u0105<\/b><\/p>\n<p><b>BEZP\u0141ATNIE<\/b><\/p>\n<p><b>Punkt Poradnictwa Specjalistycznego <\/b>powsta\u0142 w ramach projektu pn. <b>\u201eWalcz z przemoc\u0105! Chro\u0144 siebie i innych!\u201d<\/b> dofinansowanego przez Ministerstwo Rodziny, Pracy i Polityki Spo\u0142ecznej w ramach Programu Os\u0142onowego \u201eWspieranie Jednostek Samorz\u0105du Terytorialnego w Tworzeniu Systemu Przeciwdzia\u0142ania Przemocy w Rodzinie\u201d<\/p>\n","protected":false},"excerpt":{"rendered":"<p>od 25.09.2017 r. do 31.12.2017 r. PSYCHOLOG Poniedzia\u0142ek 12:00 &#8211; 15:00 Sala terapeutyczna \u015aroda 15:15 &#8211; 18:15 Sala terapeutyczna Pi\u0105tek 15:30 &#8211; 17:30 Sala terapeutyczna SPECJALISTA DS. PRZECIWDZIA\u0141ANIA PRZEMOCY Poniedzia\u0142ek 15:00 &#8211; 18:00 Sala terapeutyczna Wtorek 8:00 &#8211; 12:00 Sala terapeutyczna PEDAGOG Poniedzia\u0142ek 15:15 &#8211; 18:15 Sala terapeutyczna Sobota 8:00 &#8211; 13:00 pok\u00f3j Nr 3 [&hellip;]<\/p>\n","protected":false},"author":1,"featured_media":0,"comment_status":"closed","ping_status":"open","sticky":false,"template":"","format":"standard","meta":[],"categories":[3],"tags":[9],"_links":{"self":[{"href":"https:\/\/pcpr.elk.pl\/index.php\/wp-json\/wp\/v2\/posts\/248"}],"collection":[{"href":"https:\/\/pcpr.elk.pl\/index.php\/wp-json\/wp\/v2\/posts"}],"about":[{"href":"https:\/\/pcpr.elk.pl\/index.php\/wp-json\/wp\/v2\/types\/post"}],"author":[{"embeddable":true,"href":"https:\/\/pcpr.elk.pl\/index.php\/wp-json\/wp\/v2\/users\/1"}],"replies":[{"embeddable":true,"href":"https:\/\/pcpr.elk.pl\/index.php\/wp-json\/wp\/v2\/comments?post=248"}],"version-history":[{"count":5,"href":"https:\/\/pcpr.elk.pl\/index.php\/wp-json\/wp\/v2\/posts\/248\/revisions"}],"predecessor-version":[{"id":276,"href":"https:\/\/pcpr.elk.pl\/index.php\/wp-json\/wp\/v2\/posts\/248\/revisions\/276"}],"wp:attachment":[{"href":"https:\/\/pcpr.elk.pl\/index.php\/wp-json\/wp\/v2\/media?parent=248"}],"wp:term":[{"taxonomy":"category","embeddable":true,"href":"https:\/\/pcpr.elk.pl\/index.php\/wp-json\/wp\/v2\/categories?post=248"},{"taxonomy":"post_tag","embeddable":true,"href":"https:\/\/pcpr.elk.pl\/index.php\/wp-json\/wp\/v2\/tags?post=248"}],"curies":[{"name":"wp","href":"https:\/\/api.w.org\/{rel}","templated":true}]}}